{"id":2904,"date":"2021-07-21T09:31:32","date_gmt":"2021-07-21T07:31:32","guid":{"rendered":"https:\/\/cxairdynamics.com\/emoto\/"},"modified":"2021-12-20T09:53:58","modified_gmt":"2021-12-20T08:53:58","slug":"emoto","status":"publish","type":"post","link":"https:\/\/cxairdynamics.com\/es\/emoto\/","title":{"rendered":"Emoto &#8211; Feria de Lyon"},"content":{"rendered":"\t\t<div data-elementor-type=\"wp-post\" data-elementor-id=\"2904\" class=\"elementor elementor-2904 elementor-1020\" data-elementor-post-type=\"post\">\n\t\t\t\t\t\t<section class=\"elementor-section elementor-top-section elementor-element elementor-element-708b0407 elementor-section-full_width elementor-section-height-default elementor-section-height-default\" data-id=\"708b0407\" data-element_type=\"section\" data-e-type=\"section\">\n\t\t\t\t\t\t<div class=\"elementor-container elementor-column-gap-default\">\n\t\t\t\t\t<div class=\"elementor-column elementor-col-100 elementor-top-column elementor-element elementor-element-53ea3f7d\" data-id=\"53ea3f7d\" data-element_type=\"column\" data-e-type=\"column\">\n\t\t\t<div class=\"elementor-widget-wrap elementor-element-populated\">\n\t\t\t\t\t\t<section class=\"elementor-section elementor-inner-section elementor-element elementor-element-665e7b7 elementor-section-full_width elementor-section-height-default elementor-section-height-default\" data-id=\"665e7b7\" data-element_type=\"section\" data-e-type=\"section\">\n\t\t\t\t\t\t<div class=\"elementor-container elementor-column-gap-default\">\n\t\t\t\t\t<div class=\"elementor-column elementor-col-100 elementor-inner-column elementor-element elementor-element-d88d3c2\" data-id=\"d88d3c2\" data-element_type=\"column\" data-e-type=\"column\">\n\t\t\t<div class=\"elementor-widget-wrap elementor-element-populated\">\n\t\t\t\t\t\t\t<\/div>\n\t\t<\/div>\n\t\t\t\t\t<\/div>\n\t\t<\/section>\n\t\t\t\t<section class=\"elementor-section elementor-inner-section elementor-element elementor-element-8513dd6 elementor-section-full_width elementor-section-content-middle elementor-section-height-default elementor-section-height-default\" data-id=\"8513dd6\" data-element_type=\"section\" data-e-type=\"section\">\n\t\t\t\t\t\t<div class=\"elementor-container elementor-column-gap-default\">\n\t\t\t\t\t<div class=\"elementor-column elementor-col-50 elementor-inner-column elementor-element elementor-element-fa2ce3b\" data-id=\"fa2ce3b\" data-element_type=\"column\" data-e-type=\"column\">\n\t\t\t<div class=\"elementor-widget-wrap elementor-element-populated\">\n\t\t\t\t\t\t<div class=\"elementor-element elementor-element-6f410e5 elementor-widget elementor-widget-text-editor\" data-id=\"6f410e5\" data-element_type=\"widget\" data-e-type=\"widget\" data-widget_type=\"text-editor.default\">\n\t\t\t\t<div class=\"elementor-widget-container\">\n\t\t\t\t\t\t\t\t\t<p>El pantal\u00f3n con airbag CX Air Dynamics en el feria de Lyon 2020 de <a style=\"font-size: 17px;\" href=\"https:\/\/www.emoto.com\/auteurs\/jean-michel-laine.php\" target=\"_blank\" rel=\"noopener\">Jean-Michel Lain\u00e9<\/a><\/p>\n<p><strong>La idea de esta puesta en marcha instalada en el MotoLab del Club14 es proteger las piernas ya que las soluciones de airbag vistas hasta ahora solo afectan a la parte superior del cuerpo. Este pantal\u00f3n de airbag fue exhibido en el Sal\u00f3n del Autom\u00f3vil de Lyon 2020 por CX Air Dynamics.<\/strong><\/p>\n<p>Pantal\u00f3n con airbag, un poco como un chaleco<\/p>\n<p>CX Air Dynamics exhibi\u00f3 un primer prototipo funcional de un airbag sobrecargado en el stand de Moto Lab en Club14. Para la parte superior del cuerpo hay chaquetas, trajes o chalecos con airbag, pero actualmente no hay nada disponible para la parte inferior del cuerpo, explic\u00f3 Xavier Bouquillard, uno de los fundadores de esta empresa con sede en Saint Clar De Rivi\u00e8re, no lejos de Toulouse. Estos pantalones son objeto de una patente pendiente de CX Air Dynamics.<\/p>\n<p>Activaci\u00f3n de los pantalones con airbag CX Air Dynamics por cable<\/p>\n<p>Este dispositivo de airbag instalado en estos pantalones aumenta la protecci\u00f3n en caso de accidente. Este prototipo de pantal\u00f3n se activa mediante un hilo que se cuelga de la motocicleta o scooter, como es el caso de muchos chalecos con airbag. Xavier Bouquillard especifica que una versi\u00f3n activada electr\u00f3nicamente completar\u00e1 esta versi\u00f3n cableada presentada en el Sal\u00f3n del Autom\u00f3vil de Lyon. Permitir\u00e1 acoplar con un chaleco airbag.<\/p>\n\t\t\t\t\t\t\t\t<\/div>\n\t\t\t\t<\/div>\n\t\t\t\t\t<\/div>\n\t\t<\/div>\n\t\t\t\t<div class=\"elementor-column elementor-col-50 elementor-inner-column elementor-element elementor-element-a5a64e9\" data-id=\"a5a64e9\" data-element_type=\"column\" data-e-type=\"column\">\n\t\t\t<div class=\"elementor-widget-wrap elementor-element-populated\">\n\t\t\t\t\t\t<div class=\"elementor-element elementor-element-bca99bf elementor-widget elementor-widget-image\" data-id=\"bca99bf\" data-element_type=\"widget\" data-e-type=\"widget\" data-widget_type=\"image.default\">\n\t\t\t\t<div class=\"elementor-widget-container\">\n\t\t\t\t\t\t\t\t\t\t\t\t\t\t\t<img fetchpriority=\"high\" decoding=\"async\" width=\"740\" height=\"635\" src=\"https:\/\/cxairdynamics.com\/wp-content\/uploads\/2020\/07\/pantalon-protection-moto.jpg\" class=\"attachment-large size-large wp-image-2907\" alt=\"1er sur-pantalon airbag, innovation brevet\u00e9e au niveau mondial\" srcset=\"https:\/\/cxairdynamics.com\/wp-content\/uploads\/2020\/07\/pantalon-protection-moto.jpg 740w, https:\/\/cxairdynamics.com\/wp-content\/uploads\/2020\/07\/pantalon-protection-moto-300x257.jpg 300w, https:\/\/cxairdynamics.com\/wp-content\/uploads\/2020\/07\/pantalon-protection-moto-600x515.jpg 600w\" sizes=\"(max-width: 740px) 100vw, 740px\" \/>\t\t\t\t\t\t\t\t\t\t\t\t\t\t\t<\/div>\n\t\t\t\t<\/div>\n\t\t\t\t\t<\/div>\n\t\t<\/div>\n\t\t\t\t\t<\/div>\n\t\t<\/section>\n\t\t\t\t<section class=\"elementor-section elementor-inner-section elementor-element elementor-element-53a3e52 elementor-section-full_width elementor-section-content-middle elementor-reverse-tablet elementor-reverse-mobile elementor-section-height-default elementor-section-height-default\" data-id=\"53a3e52\" data-element_type=\"section\" data-e-type=\"section\">\n\t\t\t\t\t\t<div class=\"elementor-container elementor-column-gap-default\">\n\t\t\t\t\t<div class=\"elementor-column elementor-col-50 elementor-inner-column elementor-element elementor-element-7e84bf4\" data-id=\"7e84bf4\" data-element_type=\"column\" data-e-type=\"column\">\n\t\t\t<div class=\"elementor-widget-wrap\">\n\t\t\t\t\t\t\t<\/div>\n\t\t<\/div>\n\t\t\t\t<div class=\"elementor-column elementor-col-50 elementor-inner-column elementor-element elementor-element-2e72b99\" data-id=\"2e72b99\" data-element_type=\"column\" data-e-type=\"column\">\n\t\t\t<div class=\"elementor-widget-wrap elementor-element-populated\">\n\t\t\t\t\t\t<div class=\"elementor-element elementor-element-13c687a elementor-widget-divider--view-line elementor-widget elementor-widget-divider\" data-id=\"13c687a\" data-element_type=\"widget\" data-e-type=\"widget\" data-widget_type=\"divider.default\">\n\t\t\t\t<div class=\"elementor-widget-container\">\n\t\t\t\t\t\t\t<div class=\"elementor-divider\">\n\t\t\t<span class=\"elementor-divider-separator\">\n\t\t\t\t\t\t<\/span>\n\t\t<\/div>\n\t\t\t\t\t\t<\/div>\n\t\t\t\t<\/div>\n\t\t\t\t\t<\/div>\n\t\t<\/div>\n\t\t\t\t\t<\/div>\n\t\t<\/section>\n\t\t\t\t\t<\/div>\n\t\t<\/div>\n\t\t\t\t\t<\/div>\n\t\t<\/section>\n\t\t\t\t<\/div>\n\t\t","protected":false},"excerpt":{"rendered":"<p>El pantal\u00f3n con airbag CX Air Dynamics en el feria de Lyon 2020 de Jean-Michel Lain\u00e9 La idea de esta puesta en marcha instalada en el MotoLab del Club14 es proteger las piernas ya que las soluciones de airbag vistas hasta ahora solo afectan a la parte superior del cuerpo. Este pantal\u00f3n de airbag fue [&hellip;]<\/p>\n","protected":false},"author":1,"featured_media":2905,"comment_status":"closed","ping_status":"closed","sticky":false,"template":"","format":"standard","meta":{"site-sidebar-layout":"default","site-content-layout":"default","ast-site-content-layout":"default","site-content-style":"default","site-sidebar-style":"default","ast-global-header-display":"","ast-banner-title-visibility":"","ast-main-header-display":"","ast-hfb-above-header-display":"","ast-hfb-below-header-display":"","ast-hfb-mobile-header-display":"","site-post-title":"","ast-breadcrumbs-content":"","ast-featured-img":"","footer-sml-layout":"","ast-disable-related-posts":"","theme-transparent-header-meta":"default","adv-header-id-meta":"","stick-header-meta":"","header-above-stick-meta":"","header-main-stick-meta":"","header-below-stick-meta":"","astra-migrate-meta-layouts":"default","ast-page-background-enabled":"default","ast-page-background-meta":{"desktop":{"background-color":"","background-image":"","background-repeat":"repeat","background-position":"center center","background-size":"auto","background-attachment":"scroll","background-type":"","background-media":"","overlay-type":"","overlay-color":"","overlay-opacity":"","overlay-gradient":""},"tablet":{"background-color":"","background-image":"","background-repeat":"repeat","background-position":"center center","background-size":"auto","background-attachment":"scroll","background-type":"","background-media":"","overlay-type":"","overlay-color":"","overlay-opacity":"","overlay-gradient":""},"mobile":{"background-color":"","background-image":"","background-repeat":"repeat","background-position":"center center","background-size":"auto","background-attachment":"scroll","background-type":"","background-media":"","overlay-type":"","overlay-color":"","overlay-opacity":"","overlay-gradient":""}},"ast-content-background-meta":{"desktop":{"background-color":"var(--ast-global-color-5)","background-image":"","background-repeat":"repeat","background-position":"center center","background-size":"auto","background-attachment":"scroll","background-type":"","background-media":"","overlay-type":"","overlay-color":"","overlay-opacity":"","overlay-gradient":""},"tablet":{"background-color":"var(--ast-global-color-5)","background-image":"","background-repeat":"repeat","background-position":"center center","background-size":"auto","background-attachment":"scroll","background-type":"","background-media":"","overlay-type":"","overlay-color":"","overlay-opacity":"","overlay-gradient":""},"mobile":{"background-color":"var(--ast-global-color-5)","background-image":"","background-repeat":"repeat","background-position":"center center","background-size":"auto","background-attachment":"scroll","background-type":"","background-media":"","overlay-type":"","overlay-color":"","overlay-opacity":"","overlay-gradient":""}},"footnotes":""},"categories":[64],"tags":[],"class_list":["post-2904","post","type-post","status-publish","format-standard","has-post-thumbnail","hentry","category-sin-categorizar"],"yoast_head":"<!-- This site is optimized with the Yoast SEO plugin v27.3 - https:\/\/yoast.com\/product\/yoast-seo-wordpress\/ -->\n<title>Emoto - Feria de Lyon - CX Air Dynamics<\/title>\n<meta name=\"robots\" content=\"index, follow, max-snippet:-1, max-image-preview:large, max-video-preview:-1\" \/>\n<link rel=\"canonical\" href=\"https:\/\/cxairdynamics.com\/es\/emoto\/\" \/>\n<meta property=\"og:locale\" content=\"es_ES\" \/>\n<meta property=\"og:type\" content=\"article\" \/>\n<meta property=\"og:title\" content=\"Emoto - Feria de Lyon - CX Air Dynamics\" \/>\n<meta property=\"og:description\" content=\"El pantal\u00f3n con airbag CX Air Dynamics en el feria de Lyon 2020 de Jean-Michel Lain\u00e9 La idea de esta puesta en marcha instalada en el MotoLab del Club14 es proteger las piernas ya que las soluciones de airbag vistas hasta ahora solo afectan a la parte superior del cuerpo. Este pantal\u00f3n de airbag fue [&hellip;]\" \/>\n<meta property=\"og:url\" content=\"https:\/\/cxairdynamics.com\/es\/emoto\/\" \/>\n<meta property=\"og:site_name\" content=\"CX Air Dynamics\" \/>\n<meta property=\"article:published_time\" content=\"2021-07-21T07:31:32+00:00\" \/>\n<meta property=\"article:modified_time\" content=\"2021-12-20T08:53:58+00:00\" \/>\n<meta property=\"og:image\" content=\"https:\/\/cxairdynamics.com\/wp-content\/uploads\/2020\/07\/actus.jpg\" \/>\n\t<meta property=\"og:image:width\" content=\"861\" \/>\n\t<meta property=\"og:image:height\" content=\"556\" \/>\n\t<meta property=\"og:image:type\" content=\"image\/jpeg\" \/>\n<meta name=\"author\" content=\"demo\" \/>\n<meta name=\"twitter:card\" content=\"summary_large_image\" \/>\n<meta name=\"twitter:label1\" content=\"Escrito por\" \/>\n\t<meta name=\"twitter:data1\" content=\"demo\" \/>\n\t<meta name=\"twitter:label2\" content=\"Tiempo de lectura\" \/>\n\t<meta name=\"twitter:data2\" content=\"1 minuto\" \/>\n<script type=\"application\/ld+json\" class=\"yoast-schema-graph\">{\"@context\":\"https:\\\/\\\/schema.org\",\"@graph\":[{\"@type\":\"Article\",\"@id\":\"https:\\\/\\\/cxairdynamics.com\\\/es\\\/emoto\\\/#article\",\"isPartOf\":{\"@id\":\"https:\\\/\\\/cxairdynamics.com\\\/es\\\/emoto\\\/\"},\"author\":{\"name\":\"demo\",\"@id\":\"https:\\\/\\\/cxairdynamics.com\\\/es\\\/#\\\/schema\\\/person\\\/9e6f01eeb8e7a19ce6f3424ef10ff9b3\"},\"headline\":\"Emoto &#8211; Feria de Lyon\",\"datePublished\":\"2021-07-21T07:31:32+00:00\",\"dateModified\":\"2021-12-20T08:53:58+00:00\",\"mainEntityOfPage\":{\"@id\":\"https:\\\/\\\/cxairdynamics.com\\\/es\\\/emoto\\\/\"},\"wordCount\":249,\"publisher\":{\"@id\":\"https:\\\/\\\/cxairdynamics.com\\\/es\\\/#organization\"},\"image\":{\"@id\":\"https:\\\/\\\/cxairdynamics.com\\\/es\\\/emoto\\\/#primaryimage\"},\"thumbnailUrl\":\"https:\\\/\\\/cxairdynamics.com\\\/wp-content\\\/uploads\\\/2020\\\/07\\\/actus.jpg\",\"articleSection\":[\"Sin categorizar\"],\"inLanguage\":\"es\"},{\"@type\":\"WebPage\",\"@id\":\"https:\\\/\\\/cxairdynamics.com\\\/es\\\/emoto\\\/\",\"url\":\"https:\\\/\\\/cxairdynamics.com\\\/es\\\/emoto\\\/\",\"name\":\"Emoto - Feria de Lyon - CX Air Dynamics\",\"isPartOf\":{\"@id\":\"https:\\\/\\\/cxairdynamics.com\\\/es\\\/#website\"},\"primaryImageOfPage\":{\"@id\":\"https:\\\/\\\/cxairdynamics.com\\\/es\\\/emoto\\\/#primaryimage\"},\"image\":{\"@id\":\"https:\\\/\\\/cxairdynamics.com\\\/es\\\/emoto\\\/#primaryimage\"},\"thumbnailUrl\":\"https:\\\/\\\/cxairdynamics.com\\\/wp-content\\\/uploads\\\/2020\\\/07\\\/actus.jpg\",\"datePublished\":\"2021-07-21T07:31:32+00:00\",\"dateModified\":\"2021-12-20T08:53:58+00:00\",\"breadcrumb\":{\"@id\":\"https:\\\/\\\/cxairdynamics.com\\\/es\\\/emoto\\\/#breadcrumb\"},\"inLanguage\":\"es\",\"potentialAction\":[{\"@type\":\"ReadAction\",\"target\":[\"https:\\\/\\\/cxairdynamics.com\\\/es\\\/emoto\\\/\"]}]},{\"@type\":\"ImageObject\",\"inLanguage\":\"es\",\"@id\":\"https:\\\/\\\/cxairdynamics.com\\\/es\\\/emoto\\\/#primaryimage\",\"url\":\"https:\\\/\\\/cxairdynamics.com\\\/wp-content\\\/uploads\\\/2020\\\/07\\\/actus.jpg\",\"contentUrl\":\"https:\\\/\\\/cxairdynamics.com\\\/wp-content\\\/uploads\\\/2020\\\/07\\\/actus.jpg\",\"width\":861,\"height\":556,\"caption\":\"Actualit\u00e9s CX Air Dynamics\"},{\"@type\":\"BreadcrumbList\",\"@id\":\"https:\\\/\\\/cxairdynamics.com\\\/es\\\/emoto\\\/#breadcrumb\",\"itemListElement\":[{\"@type\":\"ListItem\",\"position\":1,\"name\":\"Inicio\",\"item\":\"https:\\\/\\\/cxairdynamics.com\\\/es\\\/\"},{\"@type\":\"ListItem\",\"position\":2,\"name\":\"Emoto &#8211; Feria de Lyon\"}]},{\"@type\":\"WebSite\",\"@id\":\"https:\\\/\\\/cxairdynamics.com\\\/es\\\/#website\",\"url\":\"https:\\\/\\\/cxairdynamics.com\\\/es\\\/\",\"name\":\"CX Air Dynamics\",\"description\":\"\",\"publisher\":{\"@id\":\"https:\\\/\\\/cxairdynamics.com\\\/es\\\/#organization\"},\"potentialAction\":[{\"@type\":\"SearchAction\",\"target\":{\"@type\":\"EntryPoint\",\"urlTemplate\":\"https:\\\/\\\/cxairdynamics.com\\\/es\\\/?s={search_term_string}\"},\"query-input\":{\"@type\":\"PropertyValueSpecification\",\"valueRequired\":true,\"valueName\":\"search_term_string\"}}],\"inLanguage\":\"es\"},{\"@type\":\"Organization\",\"@id\":\"https:\\\/\\\/cxairdynamics.com\\\/es\\\/#organization\",\"name\":\"CX Air Dynamics\",\"url\":\"https:\\\/\\\/cxairdynamics.com\\\/es\\\/\",\"logo\":{\"@type\":\"ImageObject\",\"inLanguage\":\"es\",\"@id\":\"https:\\\/\\\/cxairdynamics.com\\\/es\\\/#\\\/schema\\\/logo\\\/image\\\/\",\"url\":\"\",\"contentUrl\":\"\",\"caption\":\"CX Air Dynamics\"},\"image\":{\"@id\":\"https:\\\/\\\/cxairdynamics.com\\\/es\\\/#\\\/schema\\\/logo\\\/image\\\/\"}},{\"@type\":\"Person\",\"@id\":\"https:\\\/\\\/cxairdynamics.com\\\/es\\\/#\\\/schema\\\/person\\\/9e6f01eeb8e7a19ce6f3424ef10ff9b3\",\"name\":\"demo\",\"image\":{\"@type\":\"ImageObject\",\"inLanguage\":\"es\",\"@id\":\"https:\\\/\\\/secure.gravatar.com\\\/avatar\\\/d8b73cecf22a110cd1067868ce2c9b08a3198ff7ea0fbbff09ea934fa4898bc6?s=96&d=mm&r=g\",\"url\":\"https:\\\/\\\/secure.gravatar.com\\\/avatar\\\/d8b73cecf22a110cd1067868ce2c9b08a3198ff7ea0fbbff09ea934fa4898bc6?s=96&d=mm&r=g\",\"contentUrl\":\"https:\\\/\\\/secure.gravatar.com\\\/avatar\\\/d8b73cecf22a110cd1067868ce2c9b08a3198ff7ea0fbbff09ea934fa4898bc6?s=96&d=mm&r=g\",\"caption\":\"demo\"},\"sameAs\":[\"http:\\\/\\\/cx-airdynamics.agoravita.com\"]}]}<\/script>\n<!-- \/ Yoast SEO plugin. -->","yoast_head_json":{"title":"Emoto - Feria de Lyon - CX Air Dynamics","robots":{"index":"index","follow":"follow","max-snippet":"max-snippet:-1","max-image-preview":"max-image-preview:large","max-video-preview":"max-video-preview:-1"},"canonical":"https:\/\/cxairdynamics.com\/es\/emoto\/","og_locale":"es_ES","og_type":"article","og_title":"Emoto - Feria de Lyon - CX Air Dynamics","og_description":"El pantal\u00f3n con airbag CX Air Dynamics en el feria de Lyon 2020 de Jean-Michel Lain\u00e9 La idea de esta puesta en marcha instalada en el MotoLab del Club14 es proteger las piernas ya que las soluciones de airbag vistas hasta ahora solo afectan a la parte superior del cuerpo. Este pantal\u00f3n de airbag fue [&hellip;]","og_url":"https:\/\/cxairdynamics.com\/es\/emoto\/","og_site_name":"CX Air Dynamics","article_published_time":"2021-07-21T07:31:32+00:00","article_modified_time":"2021-12-20T08:53:58+00:00","og_image":[{"width":861,"height":556,"url":"https:\/\/cxairdynamics.com\/wp-content\/uploads\/2020\/07\/actus.jpg","type":"image\/jpeg"}],"author":"demo","twitter_card":"summary_large_image","twitter_misc":{"Escrito por":"demo","Tiempo de lectura":"1 minuto"},"schema":{"@context":"https:\/\/schema.org","@graph":[{"@type":"Article","@id":"https:\/\/cxairdynamics.com\/es\/emoto\/#article","isPartOf":{"@id":"https:\/\/cxairdynamics.com\/es\/emoto\/"},"author":{"name":"demo","@id":"https:\/\/cxairdynamics.com\/es\/#\/schema\/person\/9e6f01eeb8e7a19ce6f3424ef10ff9b3"},"headline":"Emoto &#8211; Feria de Lyon","datePublished":"2021-07-21T07:31:32+00:00","dateModified":"2021-12-20T08:53:58+00:00","mainEntityOfPage":{"@id":"https:\/\/cxairdynamics.com\/es\/emoto\/"},"wordCount":249,"publisher":{"@id":"https:\/\/cxairdynamics.com\/es\/#organization"},"image":{"@id":"https:\/\/cxairdynamics.com\/es\/emoto\/#primaryimage"},"thumbnailUrl":"https:\/\/cxairdynamics.com\/wp-content\/uploads\/2020\/07\/actus.jpg","articleSection":["Sin categorizar"],"inLanguage":"es"},{"@type":"WebPage","@id":"https:\/\/cxairdynamics.com\/es\/emoto\/","url":"https:\/\/cxairdynamics.com\/es\/emoto\/","name":"Emoto - Feria de Lyon - CX Air Dynamics","isPartOf":{"@id":"https:\/\/cxairdynamics.com\/es\/#website"},"primaryImageOfPage":{"@id":"https:\/\/cxairdynamics.com\/es\/emoto\/#primaryimage"},"image":{"@id":"https:\/\/cxairdynamics.com\/es\/emoto\/#primaryimage"},"thumbnailUrl":"https:\/\/cxairdynamics.com\/wp-content\/uploads\/2020\/07\/actus.jpg","datePublished":"2021-07-21T07:31:32+00:00","dateModified":"2021-12-20T08:53:58+00:00","breadcrumb":{"@id":"https:\/\/cxairdynamics.com\/es\/emoto\/#breadcrumb"},"inLanguage":"es","potentialAction":[{"@type":"ReadAction","target":["https:\/\/cxairdynamics.com\/es\/emoto\/"]}]},{"@type":"ImageObject","inLanguage":"es","@id":"https:\/\/cxairdynamics.com\/es\/emoto\/#primaryimage","url":"https:\/\/cxairdynamics.com\/wp-content\/uploads\/2020\/07\/actus.jpg","contentUrl":"https:\/\/cxairdynamics.com\/wp-content\/uploads\/2020\/07\/actus.jpg","width":861,"height":556,"caption":"Actualit\u00e9s CX Air Dynamics"},{"@type":"BreadcrumbList","@id":"https:\/\/cxairdynamics.com\/es\/emoto\/#breadcrumb","itemListElement":[{"@type":"ListItem","position":1,"name":"Inicio","item":"https:\/\/cxairdynamics.com\/es\/"},{"@type":"ListItem","position":2,"name":"Emoto &#8211; Feria de Lyon"}]},{"@type":"WebSite","@id":"https:\/\/cxairdynamics.com\/es\/#website","url":"https:\/\/cxairdynamics.com\/es\/","name":"CX Air Dynamics","description":"","publisher":{"@id":"https:\/\/cxairdynamics.com\/es\/#organization"},"potentialAction":[{"@type":"SearchAction","target":{"@type":"EntryPoint","urlTemplate":"https:\/\/cxairdynamics.com\/es\/?s={search_term_string}"},"query-input":{"@type":"PropertyValueSpecification","valueRequired":true,"valueName":"search_term_string"}}],"inLanguage":"es"},{"@type":"Organization","@id":"https:\/\/cxairdynamics.com\/es\/#organization","name":"CX Air Dynamics","url":"https:\/\/cxairdynamics.com\/es\/","logo":{"@type":"ImageObject","inLanguage":"es","@id":"https:\/\/cxairdynamics.com\/es\/#\/schema\/logo\/image\/","url":"","contentUrl":"","caption":"CX Air Dynamics"},"image":{"@id":"https:\/\/cxairdynamics.com\/es\/#\/schema\/logo\/image\/"}},{"@type":"Person","@id":"https:\/\/cxairdynamics.com\/es\/#\/schema\/person\/9e6f01eeb8e7a19ce6f3424ef10ff9b3","name":"demo","image":{"@type":"ImageObject","inLanguage":"es","@id":"https:\/\/secure.gravatar.com\/avatar\/d8b73cecf22a110cd1067868ce2c9b08a3198ff7ea0fbbff09ea934fa4898bc6?s=96&d=mm&r=g","url":"https:\/\/secure.gravatar.com\/avatar\/d8b73cecf22a110cd1067868ce2c9b08a3198ff7ea0fbbff09ea934fa4898bc6?s=96&d=mm&r=g","contentUrl":"https:\/\/secure.gravatar.com\/avatar\/d8b73cecf22a110cd1067868ce2c9b08a3198ff7ea0fbbff09ea934fa4898bc6?s=96&d=mm&r=g","caption":"demo"},"sameAs":["http:\/\/cx-airdynamics.agoravita.com"]}]}},"_links":{"self":[{"href":"https:\/\/cxairdynamics.com\/es\/wp-json\/wp\/v2\/posts\/2904","targetHints":{"allow":["GET"]}}],"collection":[{"href":"https:\/\/cxairdynamics.com\/es\/wp-json\/wp\/v2\/posts"}],"about":[{"href":"https:\/\/cxairdynamics.com\/es\/wp-json\/wp\/v2\/types\/post"}],"author":[{"embeddable":true,"href":"https:\/\/cxairdynamics.com\/es\/wp-json\/wp\/v2\/users\/1"}],"replies":[{"embeddable":true,"href":"https:\/\/cxairdynamics.com\/es\/wp-json\/wp\/v2\/comments?post=2904"}],"version-history":[{"count":3,"href":"https:\/\/cxairdynamics.com\/es\/wp-json\/wp\/v2\/posts\/2904\/revisions"}],"predecessor-version":[{"id":3516,"href":"https:\/\/cxairdynamics.com\/es\/wp-json\/wp\/v2\/posts\/2904\/revisions\/3516"}],"wp:featuredmedia":[{"embeddable":true,"href":"https:\/\/cxairdynamics.com\/es\/wp-json\/wp\/v2\/media\/2905"}],"wp:attachment":[{"href":"https:\/\/cxairdynamics.com\/es\/wp-json\/wp\/v2\/media?parent=2904"}],"wp:term":[{"taxonomy":"category","embeddable":true,"href":"https:\/\/cxairdynamics.com\/es\/wp-json\/wp\/v2\/categories?post=2904"},{"taxonomy":"post_tag","embeddable":true,"href":"https:\/\/cxairdynamics.com\/es\/wp-json\/wp\/v2\/tags?post=2904"}],"curies":[{"name":"wp","href":"https:\/\/api.w.org\/{rel}","templated":true}]}}